{"id":1260,"date":"2016-04-29T09:14:03","date_gmt":"2016-04-29T08:14:03","guid":{"rendered":"http:\/\/blog.sofakitty.de\/?p=1260"},"modified":"2020-08-12T15:06:30","modified_gmt":"2020-08-12T14:06:30","slug":"upcycling-taschen","status":"publish","type":"post","link":"https:\/\/www.sofakitty.de\/portfolio\/upcycling-taschen\/","title":{"rendered":"Upcycling: Taschen"},"content":{"rendered":"<p>Heute habe ich etwas Neues f\u00fcr Euch. Ich finde Upcycling ja total super. Dinge, die man nicht mehr braucht, werden nicht weggeworfen, sondern noch einmal aufgepeppt, so dass man etwas ganz anderes daraus macht. Kreativit\u00e4t pur.<\/p>\n<p>Und was ist besser als eine Tasche? Man braucht doch immer Taschen und sie sind praktisch und so vielseitig. Sowohl in der Verwendung, als auch in den Materialien.<\/p>\n<p>Als erstes habe ich hier eine Jeans-Tasche. Also eine Tasche aus einer alten Jeans. So kann man seine Lieblingsjeans doch noch weiter tragen *g*<br \/>\nAus den Hosenbeinen haben ich die gr\u00f6\u00dftm\u00f6glichen Rechtecke um die Popotaschen ausgeschnitten. Der Tragegriff ist aus dem Hosenbund gefertigt. Nur f\u00fcr das Innenleben habe ich dann noch Stoff zugekauft (hatte grad kein passendes T-Shirt oder \u00e4hnliches).<\/p>\n<p><img loading=\"lazy\" decoding=\"async\" class=\"aligncenter size-full wp-image-1264\" src=\"http:\/\/blog.sofakitty.de\/wp-content\/uploads\/2016\/04\/Jeans_Tasche01.jpg\" alt=\"Jeans_Tasche01\" width=\"500\" height=\"656\" srcset=\"https:\/\/www.sofakitty.de\/wp-content\/uploads\/2016\/04\/Jeans_Tasche01.jpg 500w, https:\/\/www.sofakitty.de\/wp-content\/uploads\/2016\/04\/Jeans_Tasche01-229x300.jpg 229w\" sizes=\"auto, (max-width: 500px) 100vw, 500px\" \/><\/p>\n<p><img loading=\"lazy\" decoding=\"async\" class=\"aligncenter size-full wp-image-1265\" src=\"http:\/\/blog.sofakitty.de\/wp-content\/uploads\/2016\/04\/Jeans_Tasche02.jpg\" alt=\"Jeans_Tasche02\" width=\"500\" height=\"778\" srcset=\"https:\/\/www.sofakitty.de\/wp-content\/uploads\/2016\/04\/Jeans_Tasche02.jpg 500w, https:\/\/www.sofakitty.de\/wp-content\/uploads\/2016\/04\/Jeans_Tasche02-193x300.jpg 193w\" sizes=\"auto, (max-width: 500px) 100vw, 500px\" \/><\/p>\n<p><img loading=\"lazy\" decoding=\"async\" class=\"aligncenter size-full wp-image-1266\" src=\"http:\/\/blog.sofakitty.de\/wp-content\/uploads\/2016\/04\/Jeans_Tasche03.jpg\" alt=\"Jeans_Tasche03\" width=\"500\" height=\"748\" srcset=\"https:\/\/www.sofakitty.de\/wp-content\/uploads\/2016\/04\/Jeans_Tasche03.jpg 500w, https:\/\/www.sofakitty.de\/wp-content\/uploads\/2016\/04\/Jeans_Tasche03-201x300.jpg 201w\" sizes=\"auto, (max-width: 500px) 100vw, 500px\" \/><\/p>\n<p>&nbsp;<\/p>\n<p>Die zweite Tasche ist noch ein bisschen mehr Recycling als Upcycling. Hier habe ich die T\u00fcten von Senseo-Pads genommen und zusammen gen\u00e4ht. Das ging \u00fcberraschend gut und ist tats\u00e4chlich ziemlich stabil. Das Gurtband, welches mal ein Spanngurt war, habe ich bei einem namhaften schwedischen M\u00f6belriesen erstanden. Die gibts da im Zweierpack recht g\u00fcnstig.<br \/>\nSieht doch richtig chick aus oder? Und seine Lieblingsmarke kann man so spazieren tragen. Das funktioniert n\u00e4mlich auch mit anderen T\u00fcten.<\/p>\n<p><img loading=\"lazy\" decoding=\"async\" class=\"aligncenter size-full wp-image-1261\" src=\"http:\/\/blog.sofakitty.de\/wp-content\/uploads\/2016\/04\/Senseo_Tasche01.jpg\" alt=\"Senseo_Tasche01\" width=\"500\" height=\"500\" srcset=\"https:\/\/www.sofakitty.de\/wp-content\/uploads\/2016\/04\/Senseo_Tasche01.jpg 500w, https:\/\/www.sofakitty.de\/wp-content\/uploads\/2016\/04\/Senseo_Tasche01-150x150.jpg 150w, https:\/\/www.sofakitty.de\/wp-content\/uploads\/2016\/04\/Senseo_Tasche01-300x300.jpg 300w\" sizes=\"auto, (max-width: 500px) 100vw, 500px\" \/><\/p>\n<p><img loading=\"lazy\" decoding=\"async\" class=\"aligncenter size-full wp-image-1262\" src=\"http:\/\/blog.sofakitty.de\/wp-content\/uploads\/2016\/04\/Senseo_Tasche02.jpg\" alt=\"Senseo_Tasche02\" width=\"500\" height=\"500\" srcset=\"https:\/\/www.sofakitty.de\/wp-content\/uploads\/2016\/04\/Senseo_Tasche02.jpg 500w, https:\/\/www.sofakitty.de\/wp-content\/uploads\/2016\/04\/Senseo_Tasche02-150x150.jpg 150w, https:\/\/www.sofakitty.de\/wp-content\/uploads\/2016\/04\/Senseo_Tasche02-300x300.jpg 300w\" sizes=\"auto, (max-width: 500px) 100vw, 500px\" \/><\/p>\n<p><img loading=\"lazy\" decoding=\"async\" class=\"aligncenter size-full wp-image-1263\" src=\"http:\/\/blog.sofakitty.de\/wp-content\/uploads\/2016\/04\/Senseo_Tasche03.jpg\" alt=\"Senseo_Tasche03\" width=\"500\" height=\"349\" srcset=\"https:\/\/www.sofakitty.de\/wp-content\/uploads\/2016\/04\/Senseo_Tasche03.jpg 500w, https:\/\/www.sofakitty.de\/wp-content\/uploads\/2016\/04\/Senseo_Tasche03-300x209.jpg 300w\" sizes=\"auto, (max-width: 500px) 100vw, 500px\" \/><\/p>\n<div class=\"shariff shariff-align-left shariff-widget-align-left\" style=\"display:none\" data-services=\"facebook%7Cpinterest\" data-url=\"https:\/\/www.sofakitty.de\/portfolio\/upcycling-taschen\/\" data-timestamp=\"1597244790\" data-hidezero=\"1\" data-backendurl=\"https:\/\/www.sofakitty.de\/portfolio\/wp-json\/shariff\/v1\/share_counts?\"><ul class=\"shariff-buttons theme-white orientation-horizontal buttonsize-medium\"><li class=\"shariff-button facebook shariff-nocustomcolor\" style=\"background-color:#4273c8\"><a href=\"https:\/\/www.facebook.com\/sharer\/sharer.php?u=https%3A%2F%2Fwww.sofakitty.de%2Fportfolio%2Fupcycling-taschen%2F\" title=\"Bei Facebook teilen\" aria-label=\"Bei Facebook teilen\" role=\"button\" rel=\"nofollow\" class=\"shariff-link\" style=\"; background-color:#3b5998; color:#3b5998\" target=\"_blank\"><span class=\"shariff-icon\" style=\"fill:#3b5998\"><svg width=\"32px\" height=\"20px\" xmlns=\"http:\/\/www.w3.org\/2000\/svg\" viewBox=\"0 0 18 32\"><path fill=\"#3b5998\" d=\"M17.1 0.2v4.7h-2.8q-1.5 0-2.1 0.6t-0.5 1.9v3.4h5.2l-0.7 5.3h-4.5v13.6h-5.5v-13.6h-4.5v-5.3h4.5v-3.9q0-3.3 1.9-5.2t5-1.8q2.6 0 4.1 0.2z\"\/><\/svg><\/span><span class=\"shariff-text\" style=\"color:#3b5998\">teilen<\/span>&nbsp;<span data-service=\"facebook\" style=\"color:#3b5998\" class=\"shariff-count shariff-hidezero\"><\/span>&nbsp;<\/a><\/li><li class=\"shariff-button pinterest shariff-nocustomcolor\" style=\"background-color:#e70f18\"><a href=\"https:\/\/www.pinterest.com\/pin\/create\/link\/?url=https%3A%2F%2Fwww.sofakitty.de%2Fportfolio%2Fupcycling-taschen%2F&media=https%3A%2F%2Fwww.sofakitty.de%2Fwp-content%2Fuploads%2F2016%2F04%2FSenseo_Tasche01.jpg&description=Upcycling%3A%20Taschen\" title=\"Bei Pinterest pinnen\" aria-label=\"Bei Pinterest pinnen\" role=\"button\" rel=\"noopener nofollow\" class=\"shariff-link\" style=\"; background-color:#cb2027; color:#cb2027\" target=\"_blank\"><span class=\"shariff-icon\" style=\"fill:#cb2027\"><svg width=\"32px\" height=\"20px\" xmlns=\"http:\/\/www.w3.org\/2000\/svg\" viewBox=\"0 0 27 32\"><path fill=\"#cb2027\" d=\"M27.4 16q0 3.7-1.8 6.9t-5 5-6.9 1.9q-2 0-3.9-0.6 1.1-1.7 1.4-2.9 0.2-0.6 1-3.8 0.4 0.7 1.3 1.2t2 0.5q2.1 0 3.8-1.2t2.7-3.4 0.9-4.8q0-2-1.1-3.8t-3.1-2.9-4.5-1.2q-1.9 0-3.5 0.5t-2.8 1.4-2 2-1.2 2.3-0.4 2.4q0 1.9 0.7 3.3t2.1 2q0.5 0.2 0.7-0.4 0-0.1 0.1-0.5t0.2-0.5q0.1-0.4-0.2-0.8-0.9-1.1-0.9-2.7 0-2.7 1.9-4.6t4.9-2q2.7 0 4.2 1.5t1.5 3.8q0 3-1.2 5.2t-3.1 2.1q-1.1 0-1.7-0.8t-0.4-1.9q0.1-0.6 0.5-1.7t0.5-1.8 0.2-1.4q0-0.9-0.5-1.5t-1.4-0.6q-1.1 0-1.9 1t-0.8 2.6q0 1.3 0.4 2.2l-1.8 7.5q-0.3 1.2-0.2 3.2-3.7-1.6-6-5t-2.3-7.6q0-3.7 1.9-6.9t5-5 6.9-1.9 6.9 1.9 5 5 1.8 6.9z\"\/><\/svg><\/span><span class=\"shariff-text\" style=\"color:#cb2027\">merken<\/span>&nbsp;<span data-service=\"pinterest\" style=\"color:#cb2027\" class=\"shariff-count shariff-hidezero\"><\/span>&nbsp;<\/a><\/li><li class=\"shariff-button whatsapp shariff-nocustomcolor\" style=\"background-color:#5cbe4a\"><a href=\"https:\/\/api.whatsapp.com\/send?text=https%3A%2F%2Fwww.sofakitty.de%2Fportfolio%2Fupcycling-taschen%2F%20Upcycling%3A%20Taschen\" title=\"Bei Whatsapp teilen\" aria-label=\"Bei Whatsapp teilen\" role=\"button\" rel=\"noopener nofollow\" class=\"shariff-link\" style=\"; background-color:#34af23; color:#34af23\" target=\"_blank\"><span class=\"shariff-icon\" style=\"fill:#34af23\"><svg width=\"32px\" height=\"20px\" xmlns=\"http:\/\/www.w3.org\/2000\/svg\" viewBox=\"0 0 32 32\"><path fill=\"#34af23\" d=\"M17.6 17.4q0.2 0 1.7 0.8t1.6 0.9q0 0.1 0 0.3 0 0.6-0.3 1.4-0.3 0.7-1.3 1.2t-1.8 0.5q-1 0-3.4-1.1-1.7-0.8-3-2.1t-2.6-3.3q-1.3-1.9-1.3-3.5v-0.1q0.1-1.6 1.3-2.8 0.4-0.4 0.9-0.4 0.1 0 0.3 0t0.3 0q0.3 0 0.5 0.1t0.3 0.5q0.1 0.4 0.6 1.6t0.4 1.3q0 0.4-0.6 1t-0.6 0.8q0 0.1 0.1 0.3 0.6 1.3 1.8 2.4 1 0.9 2.7 1.8 0.2 0.1 0.4 0.1 0.3 0 1-0.9t0.9-0.9zM14 26.9q2.3 0 4.3-0.9t3.6-2.4 2.4-3.6 0.9-4.3-0.9-4.3-2.4-3.6-3.6-2.4-4.3-0.9-4.3 0.9-3.6 2.4-2.4 3.6-0.9 4.3q0 3.6 2.1 6.6l-1.4 4.2 4.3-1.4q2.8 1.9 6.2 1.9zM14 2.2q2.7 0 5.2 1.1t4.3 2.9 2.9 4.3 1.1 5.2-1.1 5.2-2.9 4.3-4.3 2.9-5.2 1.1q-3.5 0-6.5-1.7l-7.4 2.4 2.4-7.2q-1.9-3.2-1.9-6.9 0-2.7 1.1-5.2t2.9-4.3 4.3-2.9 5.2-1.1z\"\/><\/svg><\/span><span class=\"shariff-text\" style=\"color:#34af23\">teilen<\/span>&nbsp;<\/a><\/li><li class=\"shariff-button info shariff-nocustomcolor\" style=\"background-color:#a8a8a8\"><a href=\"http:\/\/ct.de\/-2467514\" title=\"Weitere Informationen\" aria-label=\"Weitere Informationen\" role=\"button\" rel=\"noopener \" class=\"shariff-link\" style=\"; background-color:#999; color:#999\" target=\"_blank\"><span class=\"shariff-icon\" style=\"fill:#999\"><svg width=\"32px\" height=\"20px\" xmlns=\"http:\/\/www.w3.org\/2000\/svg\" viewBox=\"0 0 11 32\"><path fill=\"#999\" d=\"M11.4 24v2.3q0 0.5-0.3 0.8t-0.8 0.4h-9.1q-0.5 0-0.8-0.4t-0.4-0.8v-2.3q0-0.5 0.4-0.8t0.8-0.4h1.1v-6.8h-1.1q-0.5 0-0.8-0.4t-0.4-0.8v-2.3q0-0.5 0.4-0.8t0.8-0.4h6.8q0.5 0 0.8 0.4t0.4 0.8v10.3h1.1q0.5 0 0.8 0.4t0.3 0.8zM9.2 3.4v3.4q0 0.5-0.4 0.8t-0.8 0.4h-4.6q-0.4 0-0.8-0.4t-0.4-0.8v-3.4q0-0.4 0.4-0.8t0.8-0.4h4.6q0.5 0 0.8 0.4t0.4 0.8z\"\/><\/svg><\/span><\/a><\/li><\/ul><\/div>","protected":false},"excerpt":{"rendered":"<p>Heute habe ich etwas Neues f\u00fcr Euch. Ich finde Upcycling ja total super. Dinge, die man nicht mehr braucht, werden nicht weggeworfen, sondern noch einmal aufgepeppt, so dass man etwas ganz anderes daraus macht. Kreativit\u00e4t pur. Und was ist besser als eine Tasche? Man braucht doch immer Taschen und sie sind praktisch und so vielseitig. [&hellip;]<\/p>\n","protected":false},"author":2,"featured_media":1261,"comment_status":"open","ping_status":"open","sticky":false,"template":"","format":"standard","meta":{"_jetpack_memberships_contains_paid_content":false,"footnotes":""},"categories":[154],"tags":[],"class_list":["post-1260","post","type-post","status-publish","format-standard","has-post-thumbnail","hentry","category-handarbeit"],"yoast_head":"<!-- This site is optimized with the Yoast SEO plugin v27.4 - https:\/\/yoast.com\/product\/yoast-seo-wordpress\/ -->\n<title>Upcycling: Taschen - Sofakitty<\/title>\n<meta name=\"robots\" content=\"index, follow, max-snippet:-1, max-image-preview:large, max-video-preview:-1\" \/>\n<link rel=\"canonical\" href=\"https:\/\/www.sofakitty.de\/portfolio\/upcycling-taschen\/\" \/>\n<meta property=\"og:locale\" content=\"de_DE\" \/>\n<meta property=\"og:type\" content=\"article\" \/>\n<meta property=\"og:title\" content=\"Upcycling: Taschen - Sofakitty\" \/>\n<meta property=\"og:description\" content=\"Heute habe ich etwas Neues f\u00fcr Euch. Ich finde Upcycling ja total super. Dinge, die man nicht mehr braucht, werden nicht weggeworfen, sondern noch einmal aufgepeppt, so dass man etwas ganz anderes daraus macht. Kreativit\u00e4t pur. Und was ist besser als eine Tasche? Man braucht doch immer Taschen und sie sind praktisch und so vielseitig. [&hellip;]\" \/>\n<meta property=\"og:url\" content=\"https:\/\/www.sofakitty.de\/portfolio\/upcycling-taschen\/\" \/>\n<meta property=\"og:site_name\" content=\"Sofakitty\" \/>\n<meta property=\"article:published_time\" content=\"2016-04-29T08:14:03+00:00\" \/>\n<meta property=\"article:modified_time\" content=\"2020-08-12T14:06:30+00:00\" \/>\n<meta property=\"og:image\" content=\"https:\/\/www.sofakitty.de\/wp-content\/uploads\/2016\/04\/Senseo_Tasche01.jpg\" \/>\n\t<meta property=\"og:image:width\" content=\"500\" \/>\n\t<meta property=\"og:image:height\" content=\"500\" \/>\n\t<meta property=\"og:image:type\" content=\"image\/jpeg\" \/>\n<meta name=\"author\" content=\"Sofakitty\" \/>\n<meta name=\"twitter:card\" content=\"summary_large_image\" \/>\n<meta name=\"twitter:label1\" content=\"Verfasst von\" \/>\n\t<meta name=\"twitter:data1\" content=\"Sofakitty\" \/>\n\t<meta name=\"twitter:label2\" content=\"Gesch\u00e4tzte Lesezeit\" \/>\n\t<meta name=\"twitter:data2\" content=\"1\u00a0Minute\" \/>\n<script type=\"application\/ld+json\" class=\"yoast-schema-graph\">{\"@context\":\"https:\\\/\\\/schema.org\",\"@graph\":[{\"@type\":\"Article\",\"@id\":\"https:\\\/\\\/www.sofakitty.de\\\/portfolio\\\/upcycling-taschen\\\/#article\",\"isPartOf\":{\"@id\":\"https:\\\/\\\/www.sofakitty.de\\\/portfolio\\\/upcycling-taschen\\\/\"},\"author\":{\"name\":\"Sofakitty\",\"@id\":\"https:\\\/\\\/www.sofakitty.de\\\/portfolio\\\/#\\\/schema\\\/person\\\/5bd2a0a188a29fdc79d37cb2adaedbe4\"},\"headline\":\"Upcycling: Taschen\",\"datePublished\":\"2016-04-29T08:14:03+00:00\",\"dateModified\":\"2020-08-12T14:06:30+00:00\",\"mainEntityOfPage\":{\"@id\":\"https:\\\/\\\/www.sofakitty.de\\\/portfolio\\\/upcycling-taschen\\\/\"},\"wordCount\":213,\"commentCount\":0,\"publisher\":{\"@id\":\"https:\\\/\\\/www.sofakitty.de\\\/portfolio\\\/#\\\/schema\\\/person\\\/5bd2a0a188a29fdc79d37cb2adaedbe4\"},\"image\":{\"@id\":\"https:\\\/\\\/www.sofakitty.de\\\/portfolio\\\/upcycling-taschen\\\/#primaryimage\"},\"thumbnailUrl\":\"https:\\\/\\\/www.sofakitty.de\\\/wp-content\\\/uploads\\\/2016\\\/04\\\/Senseo_Tasche01.jpg\",\"articleSection\":[\"Handarbeit\"],\"inLanguage\":\"de\",\"potentialAction\":[{\"@type\":\"CommentAction\",\"name\":\"Comment\",\"target\":[\"https:\\\/\\\/www.sofakitty.de\\\/portfolio\\\/upcycling-taschen\\\/#respond\"]}]},{\"@type\":\"WebPage\",\"@id\":\"https:\\\/\\\/www.sofakitty.de\\\/portfolio\\\/upcycling-taschen\\\/\",\"url\":\"https:\\\/\\\/www.sofakitty.de\\\/portfolio\\\/upcycling-taschen\\\/\",\"name\":\"Upcycling: Taschen - Sofakitty\",\"isPartOf\":{\"@id\":\"https:\\\/\\\/www.sofakitty.de\\\/portfolio\\\/#website\"},\"primaryImageOfPage\":{\"@id\":\"https:\\\/\\\/www.sofakitty.de\\\/portfolio\\\/upcycling-taschen\\\/#primaryimage\"},\"image\":{\"@id\":\"https:\\\/\\\/www.sofakitty.de\\\/portfolio\\\/upcycling-taschen\\\/#primaryimage\"},\"thumbnailUrl\":\"https:\\\/\\\/www.sofakitty.de\\\/wp-content\\\/uploads\\\/2016\\\/04\\\/Senseo_Tasche01.jpg\",\"datePublished\":\"2016-04-29T08:14:03+00:00\",\"dateModified\":\"2020-08-12T14:06:30+00:00\",\"breadcrumb\":{\"@id\":\"https:\\\/\\\/www.sofakitty.de\\\/portfolio\\\/upcycling-taschen\\\/#breadcrumb\"},\"inLanguage\":\"de\",\"potentialAction\":[{\"@type\":\"ReadAction\",\"target\":[\"https:\\\/\\\/www.sofakitty.de\\\/portfolio\\\/upcycling-taschen\\\/\"]}]},{\"@type\":\"ImageObject\",\"inLanguage\":\"de\",\"@id\":\"https:\\\/\\\/www.sofakitty.de\\\/portfolio\\\/upcycling-taschen\\\/#primaryimage\",\"url\":\"https:\\\/\\\/www.sofakitty.de\\\/wp-content\\\/uploads\\\/2016\\\/04\\\/Senseo_Tasche01.jpg\",\"contentUrl\":\"https:\\\/\\\/www.sofakitty.de\\\/wp-content\\\/uploads\\\/2016\\\/04\\\/Senseo_Tasche01.jpg\",\"width\":500,\"height\":500},{\"@type\":\"BreadcrumbList\",\"@id\":\"https:\\\/\\\/www.sofakitty.de\\\/portfolio\\\/upcycling-taschen\\\/#breadcrumb\",\"itemListElement\":[{\"@type\":\"ListItem\",\"position\":1,\"name\":\"Startseite\",\"item\":\"https:\\\/\\\/www.sofakitty.de\\\/portfolio\\\/\"},{\"@type\":\"ListItem\",\"position\":2,\"name\":\"Upcycling: Taschen\"}]},{\"@type\":\"WebSite\",\"@id\":\"https:\\\/\\\/www.sofakitty.de\\\/portfolio\\\/#website\",\"url\":\"https:\\\/\\\/www.sofakitty.de\\\/portfolio\\\/\",\"name\":\"Sofakitty Tierportraits\",\"description\":\"Freelance Illustrator and Animal Artist\",\"publisher\":{\"@id\":\"https:\\\/\\\/www.sofakitty.de\\\/portfolio\\\/#\\\/schema\\\/person\\\/5bd2a0a188a29fdc79d37cb2adaedbe4\"},\"potentialAction\":[{\"@type\":\"SearchAction\",\"target\":{\"@type\":\"EntryPoint\",\"urlTemplate\":\"https:\\\/\\\/www.sofakitty.de\\\/portfolio\\\/?s={search_term_string}\"},\"query-input\":{\"@type\":\"PropertyValueSpecification\",\"valueRequired\":true,\"valueName\":\"search_term_string\"}}],\"inLanguage\":\"de\"},{\"@type\":[\"Person\",\"Organization\"],\"@id\":\"https:\\\/\\\/www.sofakitty.de\\\/portfolio\\\/#\\\/schema\\\/person\\\/5bd2a0a188a29fdc79d37cb2adaedbe4\",\"name\":\"Sofakitty\",\"image\":{\"@type\":\"ImageObject\",\"inLanguage\":\"de\",\"@id\":\"https:\\\/\\\/secure.gravatar.com\\\/avatar\\\/da8fec8e7a5f535307a99fbc65361b313abfdbf5c273caf65e3974771af09c44?s=96&d=mm&r=pg\",\"url\":\"https:\\\/\\\/secure.gravatar.com\\\/avatar\\\/da8fec8e7a5f535307a99fbc65361b313abfdbf5c273caf65e3974771af09c44?s=96&d=mm&r=pg\",\"contentUrl\":\"https:\\\/\\\/secure.gravatar.com\\\/avatar\\\/da8fec8e7a5f535307a99fbc65361b313abfdbf5c273caf65e3974771af09c44?s=96&d=mm&r=pg\",\"caption\":\"Sofakitty\"},\"logo\":{\"@id\":\"https:\\\/\\\/secure.gravatar.com\\\/avatar\\\/da8fec8e7a5f535307a99fbc65361b313abfdbf5c273caf65e3974771af09c44?s=96&d=mm&r=pg\"}}]}<\/script>\n<!-- \/ Yoast SEO plugin. -->","yoast_head_json":{"title":"Upcycling: Taschen - Sofakitty","robots":{"index":"index","follow":"follow","max-snippet":"max-snippet:-1","max-image-preview":"max-image-preview:large","max-video-preview":"max-video-preview:-1"},"canonical":"https:\/\/www.sofakitty.de\/portfolio\/upcycling-taschen\/","og_locale":"de_DE","og_type":"article","og_title":"Upcycling: Taschen - Sofakitty","og_description":"Heute habe ich etwas Neues f\u00fcr Euch. Ich finde Upcycling ja total super. Dinge, die man nicht mehr braucht, werden nicht weggeworfen, sondern noch einmal aufgepeppt, so dass man etwas ganz anderes daraus macht. Kreativit\u00e4t pur. Und was ist besser als eine Tasche? Man braucht doch immer Taschen und sie sind praktisch und so vielseitig. [&hellip;]","og_url":"https:\/\/www.sofakitty.de\/portfolio\/upcycling-taschen\/","og_site_name":"Sofakitty","article_published_time":"2016-04-29T08:14:03+00:00","article_modified_time":"2020-08-12T14:06:30+00:00","og_image":[{"width":500,"height":500,"url":"https:\/\/www.sofakitty.de\/wp-content\/uploads\/2016\/04\/Senseo_Tasche01.jpg","type":"image\/jpeg"}],"author":"Sofakitty","twitter_card":"summary_large_image","twitter_misc":{"Verfasst von":"Sofakitty","Gesch\u00e4tzte Lesezeit":"1\u00a0Minute"},"schema":{"@context":"https:\/\/schema.org","@graph":[{"@type":"Article","@id":"https:\/\/www.sofakitty.de\/portfolio\/upcycling-taschen\/#article","isPartOf":{"@id":"https:\/\/www.sofakitty.de\/portfolio\/upcycling-taschen\/"},"author":{"name":"Sofakitty","@id":"https:\/\/www.sofakitty.de\/portfolio\/#\/schema\/person\/5bd2a0a188a29fdc79d37cb2adaedbe4"},"headline":"Upcycling: Taschen","datePublished":"2016-04-29T08:14:03+00:00","dateModified":"2020-08-12T14:06:30+00:00","mainEntityOfPage":{"@id":"https:\/\/www.sofakitty.de\/portfolio\/upcycling-taschen\/"},"wordCount":213,"commentCount":0,"publisher":{"@id":"https:\/\/www.sofakitty.de\/portfolio\/#\/schema\/person\/5bd2a0a188a29fdc79d37cb2adaedbe4"},"image":{"@id":"https:\/\/www.sofakitty.de\/portfolio\/upcycling-taschen\/#primaryimage"},"thumbnailUrl":"https:\/\/www.sofakitty.de\/wp-content\/uploads\/2016\/04\/Senseo_Tasche01.jpg","articleSection":["Handarbeit"],"inLanguage":"de","potentialAction":[{"@type":"CommentAction","name":"Comment","target":["https:\/\/www.sofakitty.de\/portfolio\/upcycling-taschen\/#respond"]}]},{"@type":"WebPage","@id":"https:\/\/www.sofakitty.de\/portfolio\/upcycling-taschen\/","url":"https:\/\/www.sofakitty.de\/portfolio\/upcycling-taschen\/","name":"Upcycling: Taschen - Sofakitty","isPartOf":{"@id":"https:\/\/www.sofakitty.de\/portfolio\/#website"},"primaryImageOfPage":{"@id":"https:\/\/www.sofakitty.de\/portfolio\/upcycling-taschen\/#primaryimage"},"image":{"@id":"https:\/\/www.sofakitty.de\/portfolio\/upcycling-taschen\/#primaryimage"},"thumbnailUrl":"https:\/\/www.sofakitty.de\/wp-content\/uploads\/2016\/04\/Senseo_Tasche01.jpg","datePublished":"2016-04-29T08:14:03+00:00","dateModified":"2020-08-12T14:06:30+00:00","breadcrumb":{"@id":"https:\/\/www.sofakitty.de\/portfolio\/upcycling-taschen\/#breadcrumb"},"inLanguage":"de","potentialAction":[{"@type":"ReadAction","target":["https:\/\/www.sofakitty.de\/portfolio\/upcycling-taschen\/"]}]},{"@type":"ImageObject","inLanguage":"de","@id":"https:\/\/www.sofakitty.de\/portfolio\/upcycling-taschen\/#primaryimage","url":"https:\/\/www.sofakitty.de\/wp-content\/uploads\/2016\/04\/Senseo_Tasche01.jpg","contentUrl":"https:\/\/www.sofakitty.de\/wp-content\/uploads\/2016\/04\/Senseo_Tasche01.jpg","width":500,"height":500},{"@type":"BreadcrumbList","@id":"https:\/\/www.sofakitty.de\/portfolio\/upcycling-taschen\/#breadcrumb","itemListElement":[{"@type":"ListItem","position":1,"name":"Startseite","item":"https:\/\/www.sofakitty.de\/portfolio\/"},{"@type":"ListItem","position":2,"name":"Upcycling: Taschen"}]},{"@type":"WebSite","@id":"https:\/\/www.sofakitty.de\/portfolio\/#website","url":"https:\/\/www.sofakitty.de\/portfolio\/","name":"Sofakitty Tierportraits","description":"Freelance Illustrator and Animal Artist","publisher":{"@id":"https:\/\/www.sofakitty.de\/portfolio\/#\/schema\/person\/5bd2a0a188a29fdc79d37cb2adaedbe4"},"potentialAction":[{"@type":"SearchAction","target":{"@type":"EntryPoint","urlTemplate":"https:\/\/www.sofakitty.de\/portfolio\/?s={search_term_string}"},"query-input":{"@type":"PropertyValueSpecification","valueRequired":true,"valueName":"search_term_string"}}],"inLanguage":"de"},{"@type":["Person","Organization"],"@id":"https:\/\/www.sofakitty.de\/portfolio\/#\/schema\/person\/5bd2a0a188a29fdc79d37cb2adaedbe4","name":"Sofakitty","image":{"@type":"ImageObject","inLanguage":"de","@id":"https:\/\/secure.gravatar.com\/avatar\/da8fec8e7a5f535307a99fbc65361b313abfdbf5c273caf65e3974771af09c44?s=96&d=mm&r=pg","url":"https:\/\/secure.gravatar.com\/avatar\/da8fec8e7a5f535307a99fbc65361b313abfdbf5c273caf65e3974771af09c44?s=96&d=mm&r=pg","contentUrl":"https:\/\/secure.gravatar.com\/avatar\/da8fec8e7a5f535307a99fbc65361b313abfdbf5c273caf65e3974771af09c44?s=96&d=mm&r=pg","caption":"Sofakitty"},"logo":{"@id":"https:\/\/secure.gravatar.com\/avatar\/da8fec8e7a5f535307a99fbc65361b313abfdbf5c273caf65e3974771af09c44?s=96&d=mm&r=pg"}}]}},"jetpack_featured_media_url":"https:\/\/www.sofakitty.de\/wp-content\/uploads\/2016\/04\/Senseo_Tasche01.jpg","jetpack_sharing_enabled":true,"_links":{"self":[{"href":"https:\/\/www.sofakitty.de\/portfolio\/wp-json\/wp\/v2\/posts\/1260","targetHints":{"allow":["GET"]}}],"collection":[{"href":"https:\/\/www.sofakitty.de\/portfolio\/wp-json\/wp\/v2\/posts"}],"about":[{"href":"https:\/\/www.sofakitty.de\/portfolio\/wp-json\/wp\/v2\/types\/post"}],"author":[{"embeddable":true,"href":"https:\/\/www.sofakitty.de\/portfolio\/wp-json\/wp\/v2\/users\/2"}],"replies":[{"embeddable":true,"href":"https:\/\/www.sofakitty.de\/portfolio\/wp-json\/wp\/v2\/comments?post=1260"}],"version-history":[{"count":0,"href":"https:\/\/www.sofakitty.de\/portfolio\/wp-json\/wp\/v2\/posts\/1260\/revisions"}],"wp:featuredmedia":[{"embeddable":true,"href":"https:\/\/www.sofakitty.de\/portfolio\/wp-json\/wp\/v2\/media\/1261"}],"wp:attachment":[{"href":"https:\/\/www.sofakitty.de\/portfolio\/wp-json\/wp\/v2\/media?parent=1260"}],"wp:term":[{"taxonomy":"category","embeddable":true,"href":"https:\/\/www.sofakitty.de\/portfolio\/wp-json\/wp\/v2\/categories?post=1260"},{"taxonomy":"post_tag","embeddable":true,"href":"https:\/\/www.sofakitty.de\/portfolio\/wp-json\/wp\/v2\/tags?post=1260"}],"curies":[{"name":"wp","href":"https:\/\/api.w.org\/{rel}","templated":true}]}}